{"id":11389,"date":"2026-08-19T19:05:21","date_gmt":"2026-08-19T17:05:21","guid":{"rendered":"https:\/\/zstu.tg.edu.pl\/wp-new\/?p=11389"},"modified":"2026-08-19T19:05:21","modified_gmt":"2026-08-19T17:05:21","slug":"oddzialy-mundurowe-od-roku-szkolnego-2026-2027-2","status":"publish","type":"post","link":"https:\/\/zstu.tg.edu.pl\/wp-new\/oddzialy-mundurowe-od-roku-szkolnego-2026-2027-2\/","title":{"rendered":"Oddzia\u0142y Mundurowe od roku szkolnego 2026\/2027"},"content":{"rendered":"\n<p class=\"wp-block-paragraph\">Wsp\u00f3\u0142praca na rzecz bezpiecze\u0144stwa i edukacji<\/p>\n\n\n\n<p class=\"wp-block-paragraph\">W Komendzie Powiatowej Policji w Tarnowskich G\u00f3rach odby\u0142o si\u0119 uroczyste podpisanie tr\u00f3jstronnego porozumienia pomi\u0119dzy Zespo\u0142em Szk\u00f3\u0142 Techniczno-Us\u0142ugowych im. Jana Paw\u0142a II w Tarnowskich G\u00f3rach, Komend\u0105 Powiatow\u0105 Policji w Tarnowskich G\u00f3rach, a Stra\u017c\u0105 Graniczn\u0105 w Raciborzu . Porozumienie dotyczy wsp\u00f3\u0142pracy zwi\u0105zanej z utworzeniem w naszej szkole **dw\u00f3ch oddzia\u0142\u00f3w mundurowych**.<\/p>\n\n\n\n<p class=\"wp-block-paragraph\">Wsp\u00f3\u0142praca szko\u0142y z Policj\u0105 i Stra\u017c\u0105 Graniczn\u0105, b\u0119dzie obejmowa\u0142a m.in. wsparcie w realizacji zaj\u0119\u0107, kszta\u0142towanie postaw odpowiedzialno\u015bci i dyscypliny oraz przybli\u017canie uczniom specyfiki s\u0142u\u017cby w Policji i Stra\u017cy Granicznej. To wa\u017cny krok w tworzeniu nowoczesnego modelu edukacji mundurowej, \u0142\u0105cz\u0105cego wiedz\u0119, praktyczne umiej\u0119tno\u015bci i przygotowanie m\u0142odzie\u017cy do przysz\u0142ej s\u0142u\u017cby.<\/p>\n\n\n\n<p class=\"wp-block-paragraph\">Podpisane porozumienie jest wyrazem wzajemnego zaufania i zaanga\u017cowania trzech instytucji w rozw\u00f3j m\u0142odych ludzi oraz wzmacnianie ich poczucia odpowiedzialno\u015bci za bezpiecze\u0144stwo w\u0142asne i innych.<\/p>\n\n\n\n<p class=\"wp-block-paragraph\">**Cieszymy si\u0119, \u017ce mo\u017cemy wsp\u00f3lnie tworzy\u0107 nowe mo\u017cliwo\u015bci dla naszych uczni\u00f3w!**<\/p>\n\n\n\n<figure class=\"wp-block-image size-full\"><img fetchpriority=\"high\" decoding=\"async\" width=\"807\" height=\"538\" src=\"https:\/\/zstu.tg.edu.pl\/wp-new\/wp-content\/uploads\/2026\/08\/301555_b.webp\" alt=\"\" class=\"wp-image-11390\" srcset=\"https:\/\/zstu.tg.edu.pl\/wp-new\/wp-content\/uploads\/2026\/08\/301555_b.webp 807w, https:\/\/zstu.tg.edu.pl\/wp-new\/wp-content\/uploads\/2026\/08\/301555_b-300x200.webp 300w, https:\/\/zstu.tg.edu.pl\/wp-new\/wp-content\/uploads\/2026\/08\/301555_b-150x100.webp 150w, https:\/\/zstu.tg.edu.pl\/wp-new\/wp-content\/uploads\/2026\/08\/301555_b-768x512.webp 768w\" sizes=\"(max-width: 807px) 100vw, 807px\" \/><\/figure>\n\n\n\n<figure class=\"wp-block-image size-full\"><img decoding=\"async\" width=\"807\" height=\"538\" src=\"https:\/\/zstu.tg.edu.pl\/wp-new\/wp-content\/uploads\/2026\/08\/301547_b.webp\" alt=\"\" class=\"wp-image-11391\" srcset=\"https:\/\/zstu.tg.edu.pl\/wp-new\/wp-content\/uploads\/2026\/08\/301547_b.webp 807w, https:\/\/zstu.tg.edu.pl\/wp-new\/wp-content\/uploads\/2026\/08\/301547_b-300x200.webp 300w, https:\/\/zstu.tg.edu.pl\/wp-new\/wp-content\/uploads\/2026\/08\/301547_b-150x100.webp 150w, https:\/\/zstu.tg.edu.pl\/wp-new\/wp-content\/uploads\/2026\/08\/301547_b-768x512.webp 768w\" sizes=\"(max-width: 807px) 100vw, 807px\" \/><\/figure>\n\n\n\n<figure class=\"wp-block-image size-full\"><img decoding=\"async\" width=\"807\" height=\"538\" src=\"https:\/\/zstu.tg.edu.pl\/wp-new\/wp-content\/uploads\/2026\/08\/301552_b.webp\" alt=\"\" class=\"wp-image-11392\" srcset=\"https:\/\/zstu.tg.edu.pl\/wp-new\/wp-content\/uploads\/2026\/08\/301552_b.webp 807w, https:\/\/zstu.tg.edu.pl\/wp-new\/wp-content\/uploads\/2026\/08\/301552_b-300x200.webp 300w, https:\/\/zstu.tg.edu.pl\/wp-new\/wp-content\/uploads\/2026\/08\/301552_b-150x100.webp 150w, https:\/\/zstu.tg.edu.pl\/wp-new\/wp-content\/uploads\/2026\/08\/301552_b-768x512.webp 768w\" sizes=\"(max-width: 807px) 100vw, 807px\" \/><\/figure>\n","protected":false},"excerpt":{"rendered":"<p>Wsp\u00f3\u0142praca na rzecz bezpiecze\u0144stwa i edukacji W Komendzie Powiatowej Policji w Tarnowskich G\u00f3rach odby\u0142o si\u0119 uroczyste podpisanie tr\u00f3jstronnego porozumienia pomi\u0119dzy Zespo\u0142em Szk\u00f3\u0142 Techniczno-Us\u0142ugowych im. Jana Paw\u0142a II w Tarnowskich G\u00f3rach, Komend\u0105 Powiatow\u0105 Policji w Tarnowskich G\u00f3rach, a Stra\u017c\u0105 Graniczn\u0105 w Raciborzu . Porozumienie dotyczy wsp\u00f3\u0142pracy zwi\u0105zanej z utworzeniem w naszej szkole **dw\u00f3ch oddzia\u0142\u00f3w mundurowych**. Wsp\u00f3\u0142praca [&hellip;]<\/p>\n","protected":false},"author":3,"featured_media":0,"comment_status":"closed","ping_status":"open","sticky":false,"template":"","format":"standard","meta":{"pgc_sgb_lightbox_settings":"","footnotes":""},"categories":[8],"tags":[34,27,25],"class_list":["post-11389","post","type-post","status-publish","format-standard","hentry","category-news","tag-klasastrazygranicznej","tag-kolejowkateam","tag-zstutg"],"_links":{"self":[{"href":"https:\/\/zstu.tg.edu.pl\/wp-new\/wp-json\/wp\/v2\/posts\/11389","targetHints":{"allow":["GET"]}}],"collection":[{"href":"https:\/\/zstu.tg.edu.pl\/wp-new\/wp-json\/wp\/v2\/posts"}],"about":[{"href":"https:\/\/zstu.tg.edu.pl\/wp-new\/wp-json\/wp\/v2\/types\/post"}],"author":[{"embeddable":true,"href":"https:\/\/zstu.tg.edu.pl\/wp-new\/wp-json\/wp\/v2\/users\/3"}],"replies":[{"embeddable":true,"href":"https:\/\/zstu.tg.edu.pl\/wp-new\/wp-json\/wp\/v2\/comments?post=11389"}],"version-history":[{"count":1,"href":"https:\/\/zstu.tg.edu.pl\/wp-new\/wp-json\/wp\/v2\/posts\/11389\/revisions"}],"predecessor-version":[{"id":11393,"href":"https:\/\/zstu.tg.edu.pl\/wp-new\/wp-json\/wp\/v2\/posts\/11389\/revisions\/11393"}],"wp:attachment":[{"href":"https:\/\/zstu.tg.edu.pl\/wp-new\/wp-json\/wp\/v2\/media?parent=11389"}],"wp:term":[{"taxonomy":"category","embeddable":true,"href":"https:\/\/zstu.tg.edu.pl\/wp-new\/wp-json\/wp\/v2\/categories?post=11389"},{"taxonomy":"post_tag","embeddable":true,"href":"https:\/\/zstu.tg.edu.pl\/wp-new\/wp-json\/wp\/v2\/tags?post=11389"}],"curies":[{"name":"wp","href":"https:\/\/api.w.org\/{rel}","templated":true}]}}