{"id":11395,"date":"2026-08-21T10:38:43","date_gmt":"2026-08-21T08:38:43","guid":{"rendered":"https:\/\/zstu.tg.edu.pl\/wp-new\/?p=11395"},"modified":"2026-08-21T10:38:43","modified_gmt":"2026-08-21T08:38:43","slug":"klasy-i-w-roku-szkolnym-2026-2027","status":"publish","type":"post","link":"https:\/\/zstu.tg.edu.pl\/wp-new\/klasy-i-w-roku-szkolnym-2026-2027\/","title":{"rendered":"Klasy I w roku szkolnym 2026\/2027"},"content":{"rendered":"\n<p class=\"wp-block-paragraph\">Zesp\u00f3\u0142 Szk\u00f3\u0142 Techniczno-Us\u0142ugowych im. Jana Paw\u0142a II w Tarnowskich G\u00f3rach przedstawia poni\u017cej wychowawc\u00f3w klas pierwszych w roku szkolnym 2026\/2027.<\/p>\n\n\n\n<p class=\"wp-block-paragraph\">Bardzo serdecznie witamy wszystkich pierwszoklasist\u00f3w w szeregach Naszej Szko\u0142y:<\/p>\n\n\n\n<figure class=\"wp-block-gallery has-nested-images columns-default is-cropped wp-block-gallery-1 is-layout-flex wp-block-gallery-is-layout-flex\">\n<figure class=\"wp-block-image size-large\"><img fetchpriority=\"high\" decoding=\"async\" width=\"1024\" height=\"683\" data-id=\"11396\" src=\"https:\/\/zstu.tg.edu.pl\/wp-new\/wp-content\/uploads\/2026\/08\/ChatGPT-Image-21-sie-2026-10_30_50-1024x683.png\" alt=\"\" class=\"wp-image-11396\" srcset=\"https:\/\/zstu.tg.edu.pl\/wp-new\/wp-content\/uploads\/2026\/08\/ChatGPT-Image-21-sie-2026-10_30_50-1024x683.png 1024w, https:\/\/zstu.tg.edu.pl\/wp-new\/wp-content\/uploads\/2026\/08\/ChatGPT-Image-21-sie-2026-10_30_50-300x200.png 300w, https:\/\/zstu.tg.edu.pl\/wp-new\/wp-content\/uploads\/2026\/08\/ChatGPT-Image-21-sie-2026-10_30_50-150x100.png 150w, https:\/\/zstu.tg.edu.pl\/wp-new\/wp-content\/uploads\/2026\/08\/ChatGPT-Image-21-sie-2026-10_30_50-768x512.png 768w, https:\/\/zstu.tg.edu.pl\/wp-new\/wp-content\/uploads\/2026\/08\/ChatGPT-Image-21-sie-2026-10_30_50.png 1536w\" sizes=\"(max-width: 1024px) 100vw, 1024px\" \/><\/figure>\n<\/figure>\n","protected":false},"excerpt":{"rendered":"<p>Zesp\u00f3\u0142 Szk\u00f3\u0142 Techniczno-Us\u0142ugowych im. Jana Paw\u0142a II w Tarnowskich G\u00f3rach przedstawia poni\u017cej wychowawc\u00f3w klas pierwszych w roku szkolnym 2026\/2027. Bardzo serdecznie witamy wszystkich pierwszoklasist\u00f3w w szeregach Naszej Szko\u0142y:<\/p>\n","protected":false},"author":3,"featured_media":0,"comment_status":"closed","ping_status":"open","sticky":false,"template":"","format":"standard","meta":{"pgc_sgb_lightbox_settings":"","footnotes":""},"categories":[8],"tags":[27,29,38,28,25],"class_list":["post-11395","post","type-post","status-publish","format-standard","hentry","category-news","tag-kolejowkateam","tag-opw","tag-techniklogistyk","tag-uczesiewtg","tag-zstutg"],"_links":{"self":[{"href":"https:\/\/zstu.tg.edu.pl\/wp-new\/wp-json\/wp\/v2\/posts\/11395","targetHints":{"allow":["GET"]}}],"collection":[{"href":"https:\/\/zstu.tg.edu.pl\/wp-new\/wp-json\/wp\/v2\/posts"}],"about":[{"href":"https:\/\/zstu.tg.edu.pl\/wp-new\/wp-json\/wp\/v2\/types\/post"}],"author":[{"embeddable":true,"href":"https:\/\/zstu.tg.edu.pl\/wp-new\/wp-json\/wp\/v2\/users\/3"}],"replies":[{"embeddable":true,"href":"https:\/\/zstu.tg.edu.pl\/wp-new\/wp-json\/wp\/v2\/comments?post=11395"}],"version-history":[{"count":1,"href":"https:\/\/zstu.tg.edu.pl\/wp-new\/wp-json\/wp\/v2\/posts\/11395\/revisions"}],"predecessor-version":[{"id":11397,"href":"https:\/\/zstu.tg.edu.pl\/wp-new\/wp-json\/wp\/v2\/posts\/11395\/revisions\/11397"}],"wp:attachment":[{"href":"https:\/\/zstu.tg.edu.pl\/wp-new\/wp-json\/wp\/v2\/media?parent=11395"}],"wp:term":[{"taxonomy":"category","embeddable":true,"href":"https:\/\/zstu.tg.edu.pl\/wp-new\/wp-json\/wp\/v2\/categories?post=11395"},{"taxonomy":"post_tag","embeddable":true,"href":"https:\/\/zstu.tg.edu.pl\/wp-new\/wp-json\/wp\/v2\/tags?post=11395"}],"curies":[{"name":"wp","href":"https:\/\/api.w.org\/{rel}","templated":true}]}}