{"id":11424,"date":"2026-09-01T21:46:59","date_gmt":"2026-09-01T19:46:59","guid":{"rendered":"https:\/\/zstu.tg.edu.pl\/wp-new\/?p=11424"},"modified":"2026-09-01T21:46:59","modified_gmt":"2026-09-01T19:46:59","slug":"inteligentna-akademia-kolejowa-w-tarnowskich-gorach","status":"publish","type":"post","link":"https:\/\/zstu.tg.edu.pl\/wp-new\/inteligentna-akademia-kolejowa-w-tarnowskich-gorach\/","title":{"rendered":"Inteligentna Akademia Kolejowa w Tarnowskich G\u00f3rach"},"content":{"rendered":"\n<figure class=\"wp-block-image size-large\"><img fetchpriority=\"high\" decoding=\"async\" width=\"1024\" height=\"108\" src=\"https:\/\/zstu.tg.edu.pl\/wp-new\/wp-content\/uploads\/2026\/09\/image-1024x108.png\" alt=\"\" class=\"wp-image-11425\" srcset=\"https:\/\/zstu.tg.edu.pl\/wp-new\/wp-content\/uploads\/2026\/09\/image-1024x108.png 1024w, https:\/\/zstu.tg.edu.pl\/wp-new\/wp-content\/uploads\/2026\/09\/image-150x16.png 150w, https:\/\/zstu.tg.edu.pl\/wp-new\/wp-content\/uploads\/2026\/09\/image-300x32.png 300w, https:\/\/zstu.tg.edu.pl\/wp-new\/wp-content\/uploads\/2026\/09\/image-767x81.png 767w, https:\/\/zstu.tg.edu.pl\/wp-new\/wp-content\/uploads\/2026\/09\/image-1536x162.png 1536w, https:\/\/zstu.tg.edu.pl\/wp-new\/wp-content\/uploads\/2026\/09\/image.png 2016w\" sizes=\"(max-width: 1024px) 100vw, 1024px\" \/><\/figure>\n\n\n\n<p class=\"wp-block-paragraph\"><strong>Inteligentna Akademia Kolejowa w Tarnowskich G\u00f3rach<\/strong><\/p>\n\n\n\n<p class=\"wp-block-paragraph\">Celem projektu jest dostosowanie umiej\u0119tno\u015bci i kwalifikacji zawodowych technik\u00f3w transportu kolejowego i technik\u00f3w logistyk\u00f3w do potrzeb rynku pracy w bran\u017cy zielonej gospodarki i przemys\u0142\u00f3w wschodz\u0105cych- inteligentnych specjalizacji wojew\u00f3dztwa \u015bl\u0105skiego.<\/p>\n\n\n\n<p class=\"wp-block-paragraph\">Planowana jest modernizacja bazy dydaktycznej do kszta\u0142cenia przysz\u0142ych maszynist\u00f3w w Zespole Szk\u00f3\u0142 Techniczno- Us\u0142ugowych w Tarnowskich G\u00f3rach, kt\u00f3ra pozwoli na dostosowanie potencja\u0142u zawodowego absolwent\u00f3w- przysz\u0142ych specjalist\u00f3w ds. obs\u0142ugi transportu kolejowego do potrzeb dynamicznie zmieniaj\u0105cego si\u0119 rynku pracy. Utworzone zostanie pomieszczenie praktyczne wyposa\u017cone w symulator lokomotywy oraz pomieszczenie teorii z rozszerzon\u0105 rzeczywisto\u015bci\u0105 wyposa\u017cone w&nbsp;specjalistyczne wyposa\u017cenie, kt\u00f3re odzwierciedla realne warunki pracy w bran\u017cy transportowej.<\/p>\n\n\n\n<p class=\"wp-block-paragraph\">Zakupione zostan\u0105 stanowiska do nauki prowadzenia i eksploatacji taboru kolejowego (symulatory, pulpity sterownicze), systemy informatyczne wspieraj\u0105ce zarz\u0105dzanie logistyk\u0105 i transportem, sprz\u0119t do diagnostyki pojazd\u00f3w szynowych, nowoczesne narz\u0119dzia pomiarowe i elementy torowiska celem utworzenia pracowni maszynisty dla technika transportu kolejowego do kszta\u0142cenia w warunkach zbli\u017conych do rzeczywistych.<\/p>\n\n\n\n<p class=\"wp-block-paragraph\">Nowe pracownie powstaj\u0105 w budynku, powsta\u0142ym w wyniku rozbudowy istniej\u0105cej bazy Zespo\u0142u Szk\u00f3\u0142 Techniczno- Us\u0142ugowych.<\/p>\n\n\n\n<p class=\"wp-block-paragraph\">Obiekt zostanie dostosowany do potrzeb os\u00f3b z niepe\u0142nosprawno\u015bci\u0105, wyposa\u017cony w wind\u0119 wraz z pochylni\u0105 oraz wykonany zostanie nowy wjazd na posesj\u0119 szko\u0142y wraz utwardzeniem terenu pod miejsca postojowe w tym pod miejsca postojowe dla os\u00f3b niepe\u0142nosprawnych, przebudowane zostan\u0105 toalety w tym wykonana zostanie pomieszczenie sanitarne dla os\u00f3b niepe\u0142nosprawnych.<\/p>\n\n\n\n<p class=\"wp-block-paragraph\">Etapy:<\/p>\n\n\n\n<p class=\"wp-block-paragraph\">&#8211; opracowanie dokumentacji projektowej,<\/p>\n\n\n\n<p class=\"wp-block-paragraph\">&#8211; roboty budowlane i nadz\u00f3r inwestorski,<\/p>\n\n\n\n<p class=\"wp-block-paragraph\">&#8211; zakup i monta\u017c wyposa\u017cenia.<\/p>\n\n\n\n<p class=\"wp-block-paragraph\">Okres realizacji projektu: 08.01.2025 &#8211; 30.12.2027<\/p>\n\n\n\n<p class=\"wp-block-paragraph\">Warto\u015b\u0107 ca\u0142kowita: 8 538 056,42 z\u0142<\/p>\n\n\n\n<p class=\"wp-block-paragraph\">Dofinansowanie: 7 257 347,95 z\u0142 (w tym UE: 6 403 542,31 z\u0142, Bud\u017cet Pa\u0144stwa z kontraktu programowego: 853 805,64 z\u0142)<\/p>\n\n\n\n<p class=\"wp-block-paragraph\">Dofinansowanie realizacji projektu w ramach:<br>Fundusze Europejskie dla \u015al\u0105skiego 2021-2027 (Fundusz na rzecz Sprawiedliwej Transformacji)<br>dla Priorytetu: FESL.10.00-Fundusze Europejskie na transformacj\u0119<\/p>\n\n\n\n<p class=\"wp-block-paragraph\">dla Dzia\u0142ania: FESL.10.14-Infrastruktura kszta\u0142cenia zawodowego<\/p>\n","protected":false},"excerpt":{"rendered":"<p>Inteligentna Akademia Kolejowa w Tarnowskich G\u00f3rach Celem projektu jest dostosowanie umiej\u0119tno\u015bci i kwalifikacji zawodowych technik\u00f3w transportu kolejowego i technik\u00f3w logistyk\u00f3w do potrzeb rynku pracy w bran\u017cy zielonej gospodarki i przemys\u0142\u00f3w wschodz\u0105cych- inteligentnych specjalizacji wojew\u00f3dztwa \u015bl\u0105skiego. Planowana jest modernizacja bazy dydaktycznej do kszta\u0142cenia przysz\u0142ych maszynist\u00f3w w Zespole Szk\u00f3\u0142 Techniczno- Us\u0142ugowych w Tarnowskich G\u00f3rach, kt\u00f3ra pozwoli na [&hellip;]<\/p>\n","protected":false},"author":3,"featured_media":0,"comment_status":"closed","ping_status":"open","sticky":false,"template":"","format":"standard","meta":{"pgc_sgb_lightbox_settings":"","footnotes":""},"categories":[59],"tags":[25],"class_list":["post-11424","post","type-post","status-publish","format-standard","hentry","category-projektue","tag-zstutg"],"_links":{"self":[{"href":"https:\/\/zstu.tg.edu.pl\/wp-new\/wp-json\/wp\/v2\/posts\/11424","targetHints":{"allow":["GET"]}}],"collection":[{"href":"https:\/\/zstu.tg.edu.pl\/wp-new\/wp-json\/wp\/v2\/posts"}],"about":[{"href":"https:\/\/zstu.tg.edu.pl\/wp-new\/wp-json\/wp\/v2\/types\/post"}],"author":[{"embeddable":true,"href":"https:\/\/zstu.tg.edu.pl\/wp-new\/wp-json\/wp\/v2\/users\/3"}],"replies":[{"embeddable":true,"href":"https:\/\/zstu.tg.edu.pl\/wp-new\/wp-json\/wp\/v2\/comments?post=11424"}],"version-history":[{"count":1,"href":"https:\/\/zstu.tg.edu.pl\/wp-new\/wp-json\/wp\/v2\/posts\/11424\/revisions"}],"predecessor-version":[{"id":11426,"href":"https:\/\/zstu.tg.edu.pl\/wp-new\/wp-json\/wp\/v2\/posts\/11424\/revisions\/11426"}],"wp:attachment":[{"href":"https:\/\/zstu.tg.edu.pl\/wp-new\/wp-json\/wp\/v2\/media?parent=11424"}],"wp:term":[{"taxonomy":"category","embeddable":true,"href":"https:\/\/zstu.tg.edu.pl\/wp-new\/wp-json\/wp\/v2\/categories?post=11424"},{"taxonomy":"post_tag","embeddable":true,"href":"https:\/\/zstu.tg.edu.pl\/wp-new\/wp-json\/wp\/v2\/tags?post=11424"}],"curies":[{"name":"wp","href":"https:\/\/api.w.org\/{rel}","templated":true}]}}